{"id":9303,"date":"2026-09-01T11:23:50","date_gmt":"2026-09-01T18:23:50","guid":{"rendered":"https:\/\/cddhnayarit.org\/en\/?p=9303"},"modified":"2026-09-01T12:43:19","modified_gmt":"2026-09-01T19:43:19","slug":"%f0%9d%97%a3%f0%9d%97%a2%f0%9d%97%a5-%f0%9d%97%a4%f0%9d%97%a8%f0%9d%97%98-%f0%9d%97%98%f0%9d%97%a6-%f0%9d%97%9c%f0%9d%97%a0%f0%9d%97%a3%f0%9d%97%a2%f0%9d%97%a5%f0%9d%97%a7%f0%9d%97%94","status":"publish","type":"post","link":"https:\/\/cddhnayarit.org\/en\/%f0%9d%97%a3%f0%9d%97%a2%f0%9d%97%a5-%f0%9d%97%a4%f0%9d%97%a8%f0%9d%97%98-%f0%9d%97%98%f0%9d%97%a6-%f0%9d%97%9c%f0%9d%97%a0%f0%9d%97%a3%f0%9d%97%a2%f0%9d%97%a5%f0%9d%97%a7%f0%9d%97%94\/","title":{"rendered":"\u00bf\ud835\udde3\ud835\udde2\ud835\udde5 \ud835\udde4\ud835\udde8\ud835\uddd8\u0301 \ud835\uddd8\ud835\udde6 \ud835\udddc\ud835\udde0\ud835\udde3\ud835\udde2\ud835\udde5\ud835\udde7\ud835\uddd4\ud835\udde1\ud835\udde7\ud835\uddd8 \ud835\udddf\ud835\uddd4 \ud835\udde0\ud835\uddd8\ud835\udde0\ud835\udde2\ud835\udde5\ud835\udddc\ud835\uddd4?"},"content":{"rendered":"\n<p class=\"wp-block-paragraph\"><\/p>\n\n\n\n<p class=\"wp-block-paragraph\">El Memorial de los Desaparecidos, ubicado en el Parque de la Dignidad, es un espacio para mantener viva la memoria de quienes nos faltan y reconocer que detr\u00e1s de cada nombre existe una historia, una familia, una vida y una ausencia que contin\u00faa esperando respuestas.<\/p>\n\n\n\n<p class=\"wp-block-paragraph\">&#8211; \ud835\udc6a\ud835\udc90\ud835\udc8d\ud835\udc86\ud835\udc84\ud835\udc95\ud835\udc8a\ud835\udc97\ud835\udc90 \ud835\udc6d\ud835\udc82\ud835\udc8e\ud835\udc8a\ud835\udc8d\ud835\udc8a\ud835\udc82\ud835\udc94 \ud835\udc7c\ud835\udc8f\ud835\udc8a\ud835\udc85\ud835\udc82\ud835\udc94 \ud835\udc91\ud835\udc90\ud835\udc93 \ud835\udc75\ud835\udc82\ud835\udc9a\ud835\udc82\ud835\udc93\ud835\udc8a\ud835\udc95<\/p>\n\n\n\n<p class=\"wp-block-paragraph\"><\/p>\n\n\n\n<p class=\"wp-block-paragraph\">En el marco del \ud835\uddd7\ud835\uddf6\u0301\ud835\uddee \ud835\udddc\ud835\uddfb\ud835\ude01\ud835\uddf2\ud835\uddff\ud835\uddfb\ud835\uddee\ud835\uddf0\ud835\uddf6\ud835\uddfc\ud835\uddfb\ud835\uddee\ud835\uddf9 \ud835\uddf1\ud835\uddf2 \ud835\uddf9\ud835\uddee\ud835\ude00 \ud835\udde9\ud835\uddf6\u0301\ud835\uddf0\ud835\ude01\ud835\uddf6\ud835\uddfa\ud835\uddee\ud835\ude00 \ud835\uddf1\ud835\uddf2 \ud835\uddd7\ud835\uddf2\ud835\ude00\ud835\uddee\ud835\uddfd\ud835\uddee\ud835\uddff\ud835\uddf6\ud835\uddf0\ud835\uddf6\ud835\uddfc\ud835\uddfb\ud835\uddf2\ud835\ude00 \ud835\uddd9\ud835\uddfc\ud835\uddff\ud835\ude07\ud835\uddee\ud835\uddf1\ud835\uddee\ud835\ude00, el Dr. Carlos Alberto Prieto Godoy, ombudsperson nayarita, asisti\u00f3 a la inauguraci\u00f3n del memorial para el reconocimiento y dignificaci\u00f3n de personas desaparecidas en Nayarit, en el cual se colocaron 276 placas de personas desaparecidas desde 1998 a 2026, sin que esto signifique la finalizaci\u00f3n de un proceso, sino un recuerdo latente de la b\u00fasqueda no se detiene.<\/p>\n\n\n\n<p class=\"wp-block-paragraph\">La Comisi\u00f3n de Defensa de los Derechos Humanos para el Estado de Nayarit (CDDH Nayarit) mantiene un constante acompa\u00f1amiento a los colectivos de b\u00fasqueda en Nayarit, tanto en los procesos de campo como en las denuncias presentadas ante las autoridades correspondientes.<\/p>\n\n\n\n<p class=\"wp-block-paragraph\"><\/p>\n\n\n\n<figure class=\"wp-block-gallery has-nested-images columns-default is-cropped wp-block-gallery-1 is-layout-flex wp-block-gallery-is-layout-flex\">\n<figure class=\"wp-block-image size-large\"><img loading=\"lazy\" decoding=\"async\" width=\"1024\" height=\"683\" data-id=\"9302\" src=\"https:\/\/cddhnayarit.org\/en\/wp-content\/uploads\/2026\/09\/Memoria_05-1024x683.jpg\" alt=\"\" class=\"wp-image-9302\" srcset=\"https:\/\/cddhnayarit.org\/en\/wp-content\/uploads\/2026\/09\/Memoria_05-980x653.jpg 980w, https:\/\/cddhnayarit.org\/en\/wp-content\/uploads\/2026\/09\/Memoria_05-480x320.jpg 480w\" sizes=\"(min-width: 0px) and (max-width: 480px) 480px, (min-width: 481px) and (max-width: 980px) 980px, (min-width: 981px) 1024px, 100vw\" \/><\/figure>\n\n\n\n<figure class=\"wp-block-image size-large\"><img loading=\"lazy\" decoding=\"async\" width=\"1024\" height=\"683\" data-id=\"9301\" src=\"https:\/\/cddhnayarit.org\/en\/wp-content\/uploads\/2026\/09\/Memoria_04-1024x683.jpg\" alt=\"\" class=\"wp-image-9301\" srcset=\"https:\/\/cddhnayarit.org\/en\/wp-content\/uploads\/2026\/09\/Memoria_04-980x653.jpg 980w, https:\/\/cddhnayarit.org\/en\/wp-content\/uploads\/2026\/09\/Memoria_04-480x320.jpg 480w\" sizes=\"(min-width: 0px) and (max-width: 480px) 480px, (min-width: 481px) and (max-width: 980px) 980px, (min-width: 981px) 1024px, 100vw\" \/><\/figure>\n\n\n\n<figure class=\"wp-block-image size-large\"><img loading=\"lazy\" decoding=\"async\" width=\"1024\" height=\"683\" data-id=\"9300\" src=\"https:\/\/cddhnayarit.org\/en\/wp-content\/uploads\/2026\/09\/Memoria_03-1024x683.jpg\" alt=\"\" class=\"wp-image-9300\" srcset=\"https:\/\/cddhnayarit.org\/en\/wp-content\/uploads\/2026\/09\/Memoria_03-980x653.jpg 980w, https:\/\/cddhnayarit.org\/en\/wp-content\/uploads\/2026\/09\/Memoria_03-480x320.jpg 480w\" sizes=\"(min-width: 0px) and (max-width: 480px) 480px, (min-width: 481px) and (max-width: 980px) 980px, (min-width: 981px) 1024px, 100vw\" \/><\/figure>\n\n\n\n<figure class=\"wp-block-image size-large\"><img loading=\"lazy\" decoding=\"async\" width=\"1024\" height=\"683\" data-id=\"9299\" src=\"https:\/\/cddhnayarit.org\/en\/wp-content\/uploads\/2026\/09\/Memoria_02-1024x683.jpg\" alt=\"\" class=\"wp-image-9299\" srcset=\"https:\/\/cddhnayarit.org\/en\/wp-content\/uploads\/2026\/09\/Memoria_02-980x653.jpg 980w, https:\/\/cddhnayarit.org\/en\/wp-content\/uploads\/2026\/09\/Memoria_02-480x320.jpg 480w\" sizes=\"(min-width: 0px) and (max-width: 480px) 480px, (min-width: 481px) and (max-width: 980px) 980px, (min-width: 981px) 1024px, 100vw\" \/><\/figure>\n\n\n\n<figure class=\"wp-block-image size-large\"><img loading=\"lazy\" decoding=\"async\" width=\"1024\" height=\"683\" data-id=\"9298\" src=\"https:\/\/cddhnayarit.org\/en\/wp-content\/uploads\/2026\/09\/Memoria_01-1024x683.jpg\" alt=\"\" class=\"wp-image-9298\" srcset=\"https:\/\/cddhnayarit.org\/en\/wp-content\/uploads\/2026\/09\/Memoria_01-980x653.jpg 980w, https:\/\/cddhnayarit.org\/en\/wp-content\/uploads\/2026\/09\/Memoria_01-480x320.jpg 480w\" sizes=\"(min-width: 0px) and (max-width: 480px) 480px, (min-width: 481px) and (max-width: 980px) 980px, (min-width: 981px) 1024px, 100vw\" \/><\/figure>\n<\/figure>\n","protected":false},"excerpt":{"rendered":"<p>El Memorial de los Desaparecidos, ubicado en el Parque de la Dignidad, es un espacio para mantener viva la memoria de quienes nos faltan y reconocer que detr\u00e1s de cada nombre existe una historia, una familia, una vida y una ausencia que contin\u00faa esperando respuestas. &#8211; \ud835\udc6a\ud835\udc90\ud835\udc8d\ud835\udc86\ud835\udc84\ud835\udc95\ud835\udc8a\ud835\udc97\ud835\udc90 \ud835\udc6d\ud835\udc82\ud835\udc8e\ud835\udc8a\ud835\udc8d\ud835\udc8a\ud835\udc82\ud835\udc94 \ud835\udc7c\ud835\udc8f\ud835\udc8a\ud835\udc85\ud835\udc82\ud835\udc94 \ud835\udc91\ud835\udc90\ud835\udc93 \ud835\udc75\ud835\udc82\ud835\udc9a\ud835\udc82\ud835\udc93\ud835\udc8a\ud835\udc95 En el marco del [&hellip;]<\/p>\n","protected":false},"author":1,"featured_media":9301,"comment_status":"open","ping_status":"open","sticky":false,"template":"","format":"standard","meta":{"_acf_changed":false,"_et_pb_use_builder":"off","_et_pb_old_content":"","_et_gb_content_width":"","inline_featured_image":false,"footnotes":""},"categories":[1],"tags":[],"class_list":["post-9303","post","type-post","status-publish","format-standard","has-post-thumbnail","hentry","category-uncategorized"],"acf":[],"_links":{"self":[{"href":"https:\/\/cddhnayarit.org\/en\/wp-json\/wp\/v2\/posts\/9303","targetHints":{"allow":["GET"]}}],"collection":[{"href":"https:\/\/cddhnayarit.org\/en\/wp-json\/wp\/v2\/posts"}],"about":[{"href":"https:\/\/cddhnayarit.org\/en\/wp-json\/wp\/v2\/types\/post"}],"author":[{"embeddable":true,"href":"https:\/\/cddhnayarit.org\/en\/wp-json\/wp\/v2\/users\/1"}],"replies":[{"embeddable":true,"href":"https:\/\/cddhnayarit.org\/en\/wp-json\/wp\/v2\/comments?post=9303"}],"version-history":[{"count":1,"href":"https:\/\/cddhnayarit.org\/en\/wp-json\/wp\/v2\/posts\/9303\/revisions"}],"predecessor-version":[{"id":9304,"href":"https:\/\/cddhnayarit.org\/en\/wp-json\/wp\/v2\/posts\/9303\/revisions\/9304"}],"wp:featuredmedia":[{"embeddable":true,"href":"https:\/\/cddhnayarit.org\/en\/wp-json\/wp\/v2\/media\/9301"}],"wp:attachment":[{"href":"https:\/\/cddhnayarit.org\/en\/wp-json\/wp\/v2\/media?parent=9303"}],"wp:term":[{"taxonomy":"category","embeddable":true,"href":"https:\/\/cddhnayarit.org\/en\/wp-json\/wp\/v2\/categories?post=9303"},{"taxonomy":"post_tag","embeddable":true,"href":"https:\/\/cddhnayarit.org\/en\/wp-json\/wp\/v2\/tags?post=9303"}],"curies":[{"name":"wp","href":"https:\/\/api.w.org\/{rel}","templated":true}]}}