{"id":9276,"date":"2026-09-01T10:14:47","date_gmt":"2026-09-01T17:14:47","guid":{"rendered":"https:\/\/cddhnayarit.org\/en\/?p=9276"},"modified":"2026-09-01T10:22:23","modified_gmt":"2026-09-01T17:22:23","slug":"%f0%9d%97%a3%f0%9d%97%bc%f0%9d%97%bf-%f0%9d%97%b9%f0%9d%97%ae-%f0%9d%97%b2%f0%9d%97%b1%f0%9d%98%82%f0%9d%97%b0%f0%9d%97%ae%f0%9d%97%b0%f0%9d%97%b6%f0%9d%97%bc%f0%9d%97%bb-%f0%9d%97%b9","status":"publish","type":"post","link":"https:\/\/cddhnayarit.org\/en\/%f0%9d%97%a3%f0%9d%97%bc%f0%9d%97%bf-%f0%9d%97%b9%f0%9d%97%ae-%f0%9d%97%b2%f0%9d%97%b1%f0%9d%98%82%f0%9d%97%b0%f0%9d%97%ae%f0%9d%97%b0%f0%9d%97%b6%f0%9d%97%bc%f0%9d%97%bb-%f0%9d%97%b9\/","title":{"rendered":"\ud835\udde3\ud835\uddfc\ud835\uddff \ud835\uddf9\ud835\uddee \ud835\uddf2\ud835\uddf1\ud835\ude02\ud835\uddf0\ud835\uddee\ud835\uddf0\ud835\uddf6\ud835\uddfc\u0301\ud835\uddfb, \ud835\uddf9\ud835\uddee \ud835\uddf0\ud835\uddf6\ud835\uddf2\ud835\uddfb\ud835\uddf0\ud835\uddf6\ud835\uddee, \ud835\uddf9\ud835\uddee \ud835\uddf6\ud835\uddfb\ud835\ude03\ud835\uddf2\ud835\ude00\ud835\ude01\ud835\uddf6\ud835\uddf4\ud835\uddee\ud835\uddf0\ud835\uddf6\ud835\uddfc\u0301\ud835\uddfb \ud835\ude06 \ud835\uddf9\ud835\uddfc\ud835\ude00 \ud835\uddd7\ud835\uddf2\ud835\uddff\ud835\uddf2\ud835\uddf0\ud835\uddf5\ud835\uddfc\ud835\ude00 \ud835\udddb\ud835\ude02\ud835\uddfa\ud835\uddee\ud835\uddfb\ud835\uddfc\ud835\ude00."},"content":{"rendered":"\n<p class=\"wp-block-paragraph\"><\/p>\n\n\n\n<p class=\"wp-block-paragraph\">\ud835\uddd7\ud835\uddf2\ud835\uddf9\ud835\uddf3\ud835\uddf6\u0301\ud835\uddfb.<\/p>\n\n\n\n<p class=\"wp-block-paragraph\">Esto sucedi\u00f3 en el marco del Congreso Internacional del 31.\u00ba Verano de la Investigaci\u00f3n Cient\u00edfica y Tecnol\u00f3gica del Pac\u00edfico del Programa Delf\u00edn.<\/p>\n\n\n\n<p class=\"wp-block-paragraph\">El convenio fue firmado por la rectora de la Universidad Aut\u00f3noma de Nayarit (UAN), \ud835\udde1\ud835\uddfc\ud835\uddff\ud835\uddfa\ud835\uddee \ud835\udddf\ud835\uddf6\ud835\uddf9\ud835\uddf6\ud835\uddee\ud835\uddfb\ud835\uddee \ud835\uddda\ud835\uddee\ud835\uddf9\ud835\ude03\ud835\uddee\u0301\ud835\uddfb \ud835\udde0\ud835\uddf2\ud835\ude07\ud835\uddee, y la presidenta de la Federaci\u00f3n Mexicana de Organismos P\u00fablicos de Derechos Humanos (FMOPDH), \ud835\udddf\ud835\uddf6\ud835\uddf4\ud835\uddf6\ud835\uddee \ud835\udde5\ud835\uddfc\ud835\uddf1\ud835\uddff\ud835\uddf6\u0301\ud835\uddf4\ud835\ude02\ud835\uddf2\ud835\ude07 \ud835\udde0\ud835\uddf2\ud835\uddf7\ud835\uddf6\u0301\ud835\uddee, acompa\u00f1adas por las y los ombudspersons de diferentes estados de la rep\u00fablica y como anfitri\u00f3n estatal, del presidente de la CDDH Nayarit, \ud835\uddd6\ud835\uddee\ud835\uddff\ud835\uddf9\ud835\uddfc\ud835\ude00 \ud835\uddd4\ud835\uddf9\ud835\uddef\ud835\uddf2\ud835\uddff\ud835\ude01\ud835\uddfc \ud835\udde3\ud835\uddff\ud835\uddf6\ud835\uddf2\ud835\ude01\ud835\uddfc \ud835\uddda\ud835\uddfc\ud835\uddf1\ud835\uddfc\ud835\ude06.<\/p>\n\n\n\n<p class=\"wp-block-paragraph\">Con este convenio se fortalecen los canales de vinculaci\u00f3n entre universidades y organismos de derechos humanos; asimismo, se promueve la participaci\u00f3n en la investigaci\u00f3n cient\u00edfica y acad\u00e9mica, contribuyendo al desarrollo cient\u00edfico, tecnol\u00f3gico, social y cultural de las comunidades en nuestro pa\u00eds y de los pa\u00edses participantes del <a href=\"https:\/\/www.facebook.com\/programa.interinstitucional.delfin?__cft__[0]=AZhS0a9Q14cwfy6-v7MozB1Hr6NPToJy4_Lo1l7TtPrpz-ukKDHvXAKz598BpWbDqg1eBQEmiCDl0Z7zA8CuYaJWZRsWJkFhmrbbP0qhgrrDvksJHD9LOvuxL85jrDRDAYF0AiGihgEnYU8BbXA8EC2fyKPxoBcq9A8a9xKxw4mZOCzoY7kceR5CHC4&amp;__tn__=-]K-R\">Programa Delf\u00edn<\/a>. <\/p>\n\n\n\n<figure class=\"wp-block-gallery has-nested-images columns-default is-cropped wp-block-gallery-1 is-layout-flex wp-block-gallery-is-layout-flex\">\n<figure class=\"wp-block-image size-large\"><img loading=\"lazy\" decoding=\"async\" width=\"1024\" height=\"683\" data-id=\"9279\" src=\"https:\/\/cddhnayarit.org\/en\/wp-content\/uploads\/2026\/09\/Delfin26_3-1024x683.jpg\" alt=\"\" class=\"wp-image-9279\" srcset=\"https:\/\/cddhnayarit.org\/en\/wp-content\/uploads\/2026\/09\/Delfin26_3-980x653.jpg 980w, https:\/\/cddhnayarit.org\/en\/wp-content\/uploads\/2026\/09\/Delfin26_3-480x320.jpg 480w\" sizes=\"(min-width: 0px) and (max-width: 480px) 480px, (min-width: 481px) and (max-width: 980px) 980px, (min-width: 981px) 1024px, 100vw\" \/><\/figure>\n\n\n\n<figure class=\"wp-block-image size-large\"><img loading=\"lazy\" decoding=\"async\" width=\"1024\" height=\"683\" data-id=\"9283\" src=\"https:\/\/cddhnayarit.org\/en\/wp-content\/uploads\/2026\/09\/Delfin26_6-1-1024x683.jpg\" alt=\"\" class=\"wp-image-9283\" srcset=\"https:\/\/cddhnayarit.org\/en\/wp-content\/uploads\/2026\/09\/Delfin26_6-1-980x653.jpg 980w, https:\/\/cddhnayarit.org\/en\/wp-content\/uploads\/2026\/09\/Delfin26_6-1-480x320.jpg 480w\" sizes=\"(min-width: 0px) and (max-width: 480px) 480px, (min-width: 481px) and (max-width: 980px) 980px, (min-width: 981px) 1024px, 100vw\" \/><\/figure>\n\n\n\n<figure class=\"wp-block-image size-large\"><img loading=\"lazy\" decoding=\"async\" width=\"1024\" height=\"683\" data-id=\"9280\" src=\"https:\/\/cddhnayarit.org\/en\/wp-content\/uploads\/2026\/09\/Delfin26_4-1024x683.jpg\" alt=\"\" class=\"wp-image-9280\" srcset=\"https:\/\/cddhnayarit.org\/en\/wp-content\/uploads\/2026\/09\/Delfin26_4-980x653.jpg 980w, https:\/\/cddhnayarit.org\/en\/wp-content\/uploads\/2026\/09\/Delfin26_4-480x320.jpg 480w\" sizes=\"(min-width: 0px) and (max-width: 480px) 480px, (min-width: 481px) and (max-width: 980px) 980px, (min-width: 981px) 1024px, 100vw\" \/><\/figure>\n\n\n\n<figure class=\"wp-block-image size-large\"><img loading=\"lazy\" decoding=\"async\" width=\"1024\" height=\"683\" data-id=\"9284\" src=\"https:\/\/cddhnayarit.org\/en\/wp-content\/uploads\/2026\/09\/Delfin26_7-1024x683.jpg\" alt=\"\" class=\"wp-image-9284\" srcset=\"https:\/\/cddhnayarit.org\/en\/wp-content\/uploads\/2026\/09\/Delfin26_7-980x653.jpg 980w, https:\/\/cddhnayarit.org\/en\/wp-content\/uploads\/2026\/09\/Delfin26_7-480x320.jpg 480w\" sizes=\"(min-width: 0px) and (max-width: 480px) 480px, (min-width: 481px) and (max-width: 980px) 980px, (min-width: 981px) 1024px, 100vw\" \/><\/figure>\n\n\n\n<figure class=\"wp-block-image size-large\"><img loading=\"lazy\" decoding=\"async\" width=\"1024\" height=\"683\" data-id=\"9281\" src=\"https:\/\/cddhnayarit.org\/en\/wp-content\/uploads\/2026\/09\/Delfin26_5-1024x683.jpg\" alt=\"\" class=\"wp-image-9281\" srcset=\"https:\/\/cddhnayarit.org\/en\/wp-content\/uploads\/2026\/09\/Delfin26_5-980x653.jpg 980w, https:\/\/cddhnayarit.org\/en\/wp-content\/uploads\/2026\/09\/Delfin26_5-480x320.jpg 480w\" sizes=\"(min-width: 0px) and (max-width: 480px) 480px, (min-width: 481px) and (max-width: 980px) 980px, (min-width: 981px) 1024px, 100vw\" \/><\/figure>\n\n\n\n<figure class=\"wp-block-image size-large\"><img loading=\"lazy\" decoding=\"async\" width=\"1024\" height=\"683\" data-id=\"9278\" src=\"https:\/\/cddhnayarit.org\/en\/wp-content\/uploads\/2026\/09\/Delfin26_2-1024x683.jpg\" alt=\"\" class=\"wp-image-9278\" srcset=\"https:\/\/cddhnayarit.org\/en\/wp-content\/uploads\/2026\/09\/Delfin26_2-980x653.jpg 980w, https:\/\/cddhnayarit.org\/en\/wp-content\/uploads\/2026\/09\/Delfin26_2-480x320.jpg 480w\" sizes=\"(min-width: 0px) and (max-width: 480px) 480px, (min-width: 481px) and (max-width: 980px) 980px, (min-width: 981px) 1024px, 100vw\" \/><\/figure>\n<\/figure>\n","protected":false},"excerpt":{"rendered":"<p>\ud835\uddd7\ud835\uddf2\ud835\uddf9\ud835\uddf3\ud835\uddf6\u0301\ud835\uddfb. Esto sucedi\u00f3 en el marco del Congreso Internacional del 31.\u00ba Verano de la Investigaci\u00f3n Cient\u00edfica y Tecnol\u00f3gica del Pac\u00edfico del Programa Delf\u00edn. El convenio fue firmado por la rectora de la Universidad Aut\u00f3noma de Nayarit (UAN), \ud835\udde1\ud835\uddfc\ud835\uddff\ud835\uddfa\ud835\uddee \ud835\udddf\ud835\uddf6\ud835\uddf9\ud835\uddf6\ud835\uddee\ud835\uddfb\ud835\uddee \ud835\uddda\ud835\uddee\ud835\uddf9\ud835\ude03\ud835\uddee\u0301\ud835\uddfb \ud835\udde0\ud835\uddf2\ud835\ude07\ud835\uddee, y la presidenta de la Federaci\u00f3n Mexicana de Organismos P\u00fablicos de Derechos Humanos (FMOPDH), [&hellip;]<\/p>\n","protected":false},"author":1,"featured_media":9277,"comment_status":"open","ping_status":"open","sticky":false,"template":"","format":"standard","meta":{"_acf_changed":false,"_et_pb_use_builder":"off","_et_pb_old_content":"","_et_gb_content_width":"","inline_featured_image":false,"footnotes":""},"categories":[1],"tags":[],"class_list":["post-9276","post","type-post","status-publish","format-standard","has-post-thumbnail","hentry","category-uncategorized"],"acf":[],"_links":{"self":[{"href":"https:\/\/cddhnayarit.org\/en\/wp-json\/wp\/v2\/posts\/9276","targetHints":{"allow":["GET"]}}],"collection":[{"href":"https:\/\/cddhnayarit.org\/en\/wp-json\/wp\/v2\/posts"}],"about":[{"href":"https:\/\/cddhnayarit.org\/en\/wp-json\/wp\/v2\/types\/post"}],"author":[{"embeddable":true,"href":"https:\/\/cddhnayarit.org\/en\/wp-json\/wp\/v2\/users\/1"}],"replies":[{"embeddable":true,"href":"https:\/\/cddhnayarit.org\/en\/wp-json\/wp\/v2\/comments?post=9276"}],"version-history":[{"count":2,"href":"https:\/\/cddhnayarit.org\/en\/wp-json\/wp\/v2\/posts\/9276\/revisions"}],"predecessor-version":[{"id":9286,"href":"https:\/\/cddhnayarit.org\/en\/wp-json\/wp\/v2\/posts\/9276\/revisions\/9286"}],"wp:featuredmedia":[{"embeddable":true,"href":"https:\/\/cddhnayarit.org\/en\/wp-json\/wp\/v2\/media\/9277"}],"wp:attachment":[{"href":"https:\/\/cddhnayarit.org\/en\/wp-json\/wp\/v2\/media?parent=9276"}],"wp:term":[{"taxonomy":"category","embeddable":true,"href":"https:\/\/cddhnayarit.org\/en\/wp-json\/wp\/v2\/categories?post=9276"},{"taxonomy":"post_tag","embeddable":true,"href":"https:\/\/cddhnayarit.org\/en\/wp-json\/wp\/v2\/tags?post=9276"}],"curies":[{"name":"wp","href":"https:\/\/api.w.org\/{rel}","templated":true}]}}